{"id":973,"date":"2023-02-28T08:21:57","date_gmt":"2023-02-28T11:21:57","guid":{"rendered":"http:\/\/quanticalabs.com\/wp_themes2\/portada\/?p=973"},"modified":"2023-03-01T18:01:19","modified_gmt":"2023-03-01T21:01:19","slug":"agende-sua-sessao-de-psicanalise","status":"publish","type":"post","link":"https:\/\/danivitoretti.com\/psicanalise\/agende-sua-sessao-de-psicanalise\/","title":{"rendered":"Agende sua Sess\u00e3o de Psican\u00e1lise"},"content":{"rendered":"<p>Atrav\u00e9s da livre associa\u00e7\u00e3o de ideias e da escuta com abordagem te\u00f3rica orientada pela pr\u00e1tica da Psicologia Cl\u00ednica, realizo atendimentos online de psican\u00e1lise para Jovens, Adultos e Idosos.<\/p>\n<p>O tempo de cada sess\u00e3o dura em m\u00e9dia 45 minutos e deve ser agendada de acordo com a disponibilidade de atendimento.<\/p>\n<p>Todas as conversas s\u00e3o sigilosas e respeitam o <a href=\"https:\/\/transparencia.cfp.org.br\/crp06\/legislacao\/codigo-de-etica-profissional-do-psicologo-que-esta-em-vigor-desde-o-dia-27-de-agosto-de-2005\/\" target=\"_blank\" rel=\"noopener\">C\u00f3digo de \u00c9tica do Conselho Regional de Psicologia<\/a> que determina atitude neutra do Profissional de Psican\u00e1lise, sem julgamentos de forma que possa realizar a elabora\u00e7\u00e3o de pensamentos e identificar de forma objetiva a rela\u00e7\u00e3o de comportamentos.<\/p>\n<p>A Psicologia Cl\u00ednica \u00e9 uma Ci\u00eancia que segue todos os procedimentos que dever\u00e3o auxiliar na qualidade de vida do Paciente que esteja passando por situa\u00e7\u00f5es como:<\/p>\n<ul>\n<li>Traumas ou Fobias<\/li>\n<li>Baixa Autoestima<\/li>\n<li>V\u00edcios ou Depend\u00eancias<\/li>\n<li>Comportamentos Autodestrut\u00edveis<\/li>\n<li>Compuls\u00f5es ou Transtornos Alimentares<\/li>\n<li>Retra\u00e7\u00e3o Social<\/li>\n<li>Ang\u00fastia ou Ansiedades<\/li>\n<li>Nervosismo ou Estresse<\/li>\n<li>Depress\u00e3o, Des\u00e2nimo ou Apatia<\/li>\n<li>Perdas, Luto ou Div\u00f3rcio<br \/>\nEntre outras&#8230;<\/li>\n<\/ul>\n<div class=\"pb-blockquote\"><div class=\"pb-blockquote-line-top\"><\/div><blockquote><p>&#8220;A ang\u00fastia surge do momento em que o sujeito est\u00e1 suspenso entre um tempo em que ele n\u00e3o sabe mais onde est\u00e1, em dire\u00e7\u00e3o a um tempo onde ele ser\u00e1 alguma coisa na qual jamais se poder\u00e1 reencontrar.&#8221;<\/p>\n<\/blockquote><div class=\"pb-blockquote-author\">&mdash; Jacques Lacan<\/div><div class=\"pb-blockquote-line-bottom\"><\/div><\/div>\n<p><iframe loading=\"lazy\" title=\"Psicologia Cl\u00ednica - Psican\u00e1lise\" src=\"https:\/\/www.youtube.com\/embed\/sgu93JYwcoE\" width=\"100%\" height=\"460\" frameborder=\"0\" allowfullscreen=\"allowfullscreen\"><\/iframe><\/p>\n<p style=\"text-align: center;\">Agende sua sess\u00e3o online com anteced\u00eancia diretamente via WhatsApp:<\/p>\n<p><a href=\"https:\/\/wa.me\/5524981461771\"><img loading=\"lazy\" decoding=\"async\" class=\"aligncenter wp-image-1353\" src=\"http:\/\/danivitoretti.com\/psicanalise\/wp-content\/uploads\/2023\/02\/PsicanaliseWhatsApp.png\" alt=\"Psican\u00e1lise WhatsApp\" width=\"118\" height=\"118\" srcset=\"https:\/\/danivitoretti.com\/psicanalise\/wp-content\/uploads\/2023\/02\/PsicanaliseWhatsApp.png 240w, https:\/\/danivitoretti.com\/psicanalise\/wp-content\/uploads\/2023\/02\/PsicanaliseWhatsApp-150x150.png 150w\" sizes=\"auto, (max-width: 118px) 100vw, 118px\" \/><\/a><\/p>\n<h3 style=\"text-align: center;\">Daniela Castro Vitoretti<\/h3>\n<p style=\"text-align: center;\">CRP 05\/27107<\/p>\n","protected":false},"excerpt":{"rendered":"<p>Atrav\u00e9s da livre associa\u00e7\u00e3o de ideias e da escuta com abordagem te\u00f3rica orientada pela pr\u00e1tica da Psicologia Cl\u00ednica, realizo atendimentos online de psican\u00e1lise para Jovens, Adultos e Idosos. O tempo de cada sess\u00e3o dura em m\u00e9dia 45 minutos e deve ser agendada de acordo com a disponibilidade de atendimento. Todas as conversas s\u00e3o sigilosas e respeitam o C\u00f3digo de \u00c9tica&hellip;<\/p>\n","protected":false},"author":1,"featured_media":1351,"comment_status":"closed","ping_status":"closed","sticky":false,"template":"","format":"standard","meta":{"footnotes":""},"categories":[1,51],"tags":[],"class_list":["post-973","post","type-post","status-publish","format-standard","has-post-thumbnail","hentry","category-psicologia-clinica","category-sessao-psicanalise"],"yoast_head":"<!-- This site is optimized with the Yoast SEO plugin v27.2 - https:\/\/yoast.com\/product\/yoast-seo-wordpress\/ -->\n<title>Agende sua Sess\u00e3o de Psican\u00e1lise - Psican\u00e1lise<\/title>\n<meta name=\"robots\" content=\"index, follow, max-snippet:-1, max-image-preview:large, max-video-preview:-1\" \/>\n<link rel=\"canonical\" href=\"https:\/\/danivitoretti.com\/psicanalise\/agende-sua-sessao-de-psicanalise\/\" \/>\n<meta property=\"og:locale\" content=\"pt_BR\" \/>\n<meta property=\"og:type\" content=\"article\" \/>\n<meta property=\"og:title\" content=\"Agende sua Sess\u00e3o de Psican\u00e1lise - Psican\u00e1lise\" \/>\n<meta property=\"og:description\" content=\"Atrav\u00e9s da livre associa\u00e7\u00e3o de ideias e da escuta com abordagem te\u00f3rica orientada pela pr\u00e1tica da Psicologia Cl\u00ednica, realizo atendimentos online de psican\u00e1lise para Jovens, Adultos e Idosos. O tempo de cada sess\u00e3o dura em m\u00e9dia 45 minutos e deve ser agendada de acordo com a disponibilidade de atendimento. Todas as conversas s\u00e3o sigilosas e respeitam o C\u00f3digo de \u00c9tica&hellip;\" \/>\n<meta property=\"og:url\" content=\"https:\/\/danivitoretti.com\/psicanalise\/agende-sua-sessao-de-psicanalise\/\" \/>\n<meta property=\"og:site_name\" content=\"Psican\u00e1lise\" \/>\n<meta property=\"article:published_time\" content=\"2023-02-28T11:21:57+00:00\" \/>\n<meta property=\"article:modified_time\" content=\"2023-03-01T21:01:19+00:00\" \/>\n<meta property=\"og:image\" content=\"https:\/\/danivitoretti.com\/psicanalise\/wp-content\/uploads\/2023\/02\/agende-sessao-psicanalise.jpg\" \/>\n\t<meta property=\"og:image:width\" content=\"1200\" \/>\n\t<meta property=\"og:image:height\" content=\"630\" \/>\n\t<meta property=\"og:image:type\" content=\"image\/jpeg\" \/>\n<meta name=\"author\" content=\"Dani\" \/>\n<meta name=\"twitter:card\" content=\"summary_large_image\" \/>\n<meta name=\"twitter:label1\" content=\"Escrito por\" \/>\n\t<meta name=\"twitter:data1\" content=\"Dani\" \/>\n\t<meta name=\"twitter:label2\" content=\"Est. tempo de leitura\" \/>\n\t<meta name=\"twitter:data2\" content=\"2 minutos\" \/>\n<script type=\"application\/ld+json\" class=\"yoast-schema-graph\">{\"@context\":\"https:\/\/schema.org\",\"@graph\":[{\"@type\":\"Article\",\"@id\":\"https:\/\/danivitoretti.com\/psicanalise\/agende-sua-sessao-de-psicanalise\/#article\",\"isPartOf\":{\"@id\":\"https:\/\/danivitoretti.com\/psicanalise\/agende-sua-sessao-de-psicanalise\/\"},\"author\":{\"name\":\"Dani\",\"@id\":\"https:\/\/danivitoretti.com\/psicanalise\/#\/schema\/person\/87c74e41242a0e33c964870080c20dcd\"},\"headline\":\"Agende sua Sess\u00e3o de Psican\u00e1lise\",\"datePublished\":\"2023-02-28T11:21:57+00:00\",\"dateModified\":\"2023-03-01T21:01:19+00:00\",\"mainEntityOfPage\":{\"@id\":\"https:\/\/danivitoretti.com\/psicanalise\/agende-sua-sessao-de-psicanalise\/\"},\"wordCount\":248,\"publisher\":{\"@id\":\"https:\/\/danivitoretti.com\/psicanalise\/#\/schema\/person\/87c74e41242a0e33c964870080c20dcd\"},\"image\":{\"@id\":\"https:\/\/danivitoretti.com\/psicanalise\/agende-sua-sessao-de-psicanalise\/#primaryimage\"},\"thumbnailUrl\":\"https:\/\/danivitoretti.com\/psicanalise\/wp-content\/uploads\/2023\/02\/agende-sessao-psicanalise.jpg\",\"articleSection\":[\"Psicologia Cl\u00ednica\",\"Sess\u00e3o Psican\u00e1lise\"],\"inLanguage\":\"pt-BR\"},{\"@type\":\"WebPage\",\"@id\":\"https:\/\/danivitoretti.com\/psicanalise\/agende-sua-sessao-de-psicanalise\/\",\"url\":\"https:\/\/danivitoretti.com\/psicanalise\/agende-sua-sessao-de-psicanalise\/\",\"name\":\"Agende sua Sess\u00e3o de Psican\u00e1lise - Psican\u00e1lise\",\"isPartOf\":{\"@id\":\"https:\/\/danivitoretti.com\/psicanalise\/#website\"},\"primaryImageOfPage\":{\"@id\":\"https:\/\/danivitoretti.com\/psicanalise\/agende-sua-sessao-de-psicanalise\/#primaryimage\"},\"image\":{\"@id\":\"https:\/\/danivitoretti.com\/psicanalise\/agende-sua-sessao-de-psicanalise\/#primaryimage\"},\"thumbnailUrl\":\"https:\/\/danivitoretti.com\/psicanalise\/wp-content\/uploads\/2023\/02\/agende-sessao-psicanalise.jpg\",\"datePublished\":\"2023-02-28T11:21:57+00:00\",\"dateModified\":\"2023-03-01T21:01:19+00:00\",\"breadcrumb\":{\"@id\":\"https:\/\/danivitoretti.com\/psicanalise\/agende-sua-sessao-de-psicanalise\/#breadcrumb\"},\"inLanguage\":\"pt-BR\",\"potentialAction\":[{\"@type\":\"ReadAction\",\"target\":[\"https:\/\/danivitoretti.com\/psicanalise\/agende-sua-sessao-de-psicanalise\/\"]}]},{\"@type\":\"ImageObject\",\"inLanguage\":\"pt-BR\",\"@id\":\"https:\/\/danivitoretti.com\/psicanalise\/agende-sua-sessao-de-psicanalise\/#primaryimage\",\"url\":\"https:\/\/danivitoretti.com\/psicanalise\/wp-content\/uploads\/2023\/02\/agende-sessao-psicanalise.jpg\",\"contentUrl\":\"https:\/\/danivitoretti.com\/psicanalise\/wp-content\/uploads\/2023\/02\/agende-sessao-psicanalise.jpg\",\"width\":1200,\"height\":630,\"caption\":\"Agende Sess\u00e3o Psicanalise\"},{\"@type\":\"BreadcrumbList\",\"@id\":\"https:\/\/danivitoretti.com\/psicanalise\/agende-sua-sessao-de-psicanalise\/#breadcrumb\",\"itemListElement\":[{\"@type\":\"ListItem\",\"position\":1,\"name\":\"In\u00edcio\",\"item\":\"https:\/\/danivitoretti.com\/psicanalise\/\"},{\"@type\":\"ListItem\",\"position\":2,\"name\":\"Agende sua Sess\u00e3o de Psican\u00e1lise\"}]},{\"@type\":\"WebSite\",\"@id\":\"https:\/\/danivitoretti.com\/psicanalise\/#website\",\"url\":\"https:\/\/danivitoretti.com\/psicanalise\/\",\"name\":\"Psican\u00e1lise\",\"description\":\"Psicologia Cl\u00ednica - Daniela Vitoretti CRP 05\/27107\",\"publisher\":{\"@id\":\"https:\/\/danivitoretti.com\/psicanalise\/#\/schema\/person\/87c74e41242a0e33c964870080c20dcd\"},\"potentialAction\":[{\"@type\":\"SearchAction\",\"target\":{\"@type\":\"EntryPoint\",\"urlTemplate\":\"https:\/\/danivitoretti.com\/psicanalise\/?s={search_term_string}\"},\"query-input\":{\"@type\":\"PropertyValueSpecification\",\"valueRequired\":true,\"valueName\":\"search_term_string\"}}],\"inLanguage\":\"pt-BR\"},{\"@type\":[\"Person\",\"Organization\"],\"@id\":\"https:\/\/danivitoretti.com\/psicanalise\/#\/schema\/person\/87c74e41242a0e33c964870080c20dcd\",\"name\":\"Dani\",\"image\":{\"@type\":\"ImageObject\",\"inLanguage\":\"pt-BR\",\"@id\":\"http:\/\/danivitoretti.com\/psicanalise\/wp-content\/uploads\/2023\/03\/vitoretti-dani-psicologa.jpg\",\"url\":\"http:\/\/danivitoretti.com\/psicanalise\/wp-content\/uploads\/2023\/03\/vitoretti-dani-psicologa.jpg\",\"contentUrl\":\"http:\/\/danivitoretti.com\/psicanalise\/wp-content\/uploads\/2023\/03\/vitoretti-dani-psicologa.jpg\",\"width\":520,\"height\":520,\"caption\":\"Dani\"},\"logo\":{\"@id\":\"http:\/\/danivitoretti.com\/psicanalise\/wp-content\/uploads\/2023\/03\/vitoretti-dani-psicologa.jpg\"},\"sameAs\":[\"https:\/\/teal-goldfish-436582.hostingersite.com\/psicanalise\"],\"url\":\"https:\/\/danivitoretti.com\/psicanalise\/author\/dani\/\"}]}<\/script>\n<!-- \/ Yoast SEO plugin. -->","yoast_head_json":{"title":"Agende sua Sess\u00e3o de Psican\u00e1lise - Psican\u00e1lise","robots":{"index":"index","follow":"follow","max-snippet":"max-snippet:-1","max-image-preview":"max-image-preview:large","max-video-preview":"max-video-preview:-1"},"canonical":"https:\/\/danivitoretti.com\/psicanalise\/agende-sua-sessao-de-psicanalise\/","og_locale":"pt_BR","og_type":"article","og_title":"Agende sua Sess\u00e3o de Psican\u00e1lise - Psican\u00e1lise","og_description":"Atrav\u00e9s da livre associa\u00e7\u00e3o de ideias e da escuta com abordagem te\u00f3rica orientada pela pr\u00e1tica da Psicologia Cl\u00ednica, realizo atendimentos online de psican\u00e1lise para Jovens, Adultos e Idosos. O tempo de cada sess\u00e3o dura em m\u00e9dia 45 minutos e deve ser agendada de acordo com a disponibilidade de atendimento. Todas as conversas s\u00e3o sigilosas e respeitam o C\u00f3digo de \u00c9tica&hellip;","og_url":"https:\/\/danivitoretti.com\/psicanalise\/agende-sua-sessao-de-psicanalise\/","og_site_name":"Psican\u00e1lise","article_published_time":"2023-02-28T11:21:57+00:00","article_modified_time":"2023-03-01T21:01:19+00:00","og_image":[{"width":1200,"height":630,"url":"https:\/\/danivitoretti.com\/psicanalise\/wp-content\/uploads\/2023\/02\/agende-sessao-psicanalise.jpg","type":"image\/jpeg"}],"author":"Dani","twitter_card":"summary_large_image","twitter_misc":{"Escrito por":"Dani","Est. tempo de leitura":"2 minutos"},"schema":{"@context":"https:\/\/schema.org","@graph":[{"@type":"Article","@id":"https:\/\/danivitoretti.com\/psicanalise\/agende-sua-sessao-de-psicanalise\/#article","isPartOf":{"@id":"https:\/\/danivitoretti.com\/psicanalise\/agende-sua-sessao-de-psicanalise\/"},"author":{"name":"Dani","@id":"https:\/\/danivitoretti.com\/psicanalise\/#\/schema\/person\/87c74e41242a0e33c964870080c20dcd"},"headline":"Agende sua Sess\u00e3o de Psican\u00e1lise","datePublished":"2023-02-28T11:21:57+00:00","dateModified":"2023-03-01T21:01:19+00:00","mainEntityOfPage":{"@id":"https:\/\/danivitoretti.com\/psicanalise\/agende-sua-sessao-de-psicanalise\/"},"wordCount":248,"publisher":{"@id":"https:\/\/danivitoretti.com\/psicanalise\/#\/schema\/person\/87c74e41242a0e33c964870080c20dcd"},"image":{"@id":"https:\/\/danivitoretti.com\/psicanalise\/agende-sua-sessao-de-psicanalise\/#primaryimage"},"thumbnailUrl":"https:\/\/danivitoretti.com\/psicanalise\/wp-content\/uploads\/2023\/02\/agende-sessao-psicanalise.jpg","articleSection":["Psicologia Cl\u00ednica","Sess\u00e3o Psican\u00e1lise"],"inLanguage":"pt-BR"},{"@type":"WebPage","@id":"https:\/\/danivitoretti.com\/psicanalise\/agende-sua-sessao-de-psicanalise\/","url":"https:\/\/danivitoretti.com\/psicanalise\/agende-sua-sessao-de-psicanalise\/","name":"Agende sua Sess\u00e3o de Psican\u00e1lise - Psican\u00e1lise","isPartOf":{"@id":"https:\/\/danivitoretti.com\/psicanalise\/#website"},"primaryImageOfPage":{"@id":"https:\/\/danivitoretti.com\/psicanalise\/agende-sua-sessao-de-psicanalise\/#primaryimage"},"image":{"@id":"https:\/\/danivitoretti.com\/psicanalise\/agende-sua-sessao-de-psicanalise\/#primaryimage"},"thumbnailUrl":"https:\/\/danivitoretti.com\/psicanalise\/wp-content\/uploads\/2023\/02\/agende-sessao-psicanalise.jpg","datePublished":"2023-02-28T11:21:57+00:00","dateModified":"2023-03-01T21:01:19+00:00","breadcrumb":{"@id":"https:\/\/danivitoretti.com\/psicanalise\/agende-sua-sessao-de-psicanalise\/#breadcrumb"},"inLanguage":"pt-BR","potentialAction":[{"@type":"ReadAction","target":["https:\/\/danivitoretti.com\/psicanalise\/agende-sua-sessao-de-psicanalise\/"]}]},{"@type":"ImageObject","inLanguage":"pt-BR","@id":"https:\/\/danivitoretti.com\/psicanalise\/agende-sua-sessao-de-psicanalise\/#primaryimage","url":"https:\/\/danivitoretti.com\/psicanalise\/wp-content\/uploads\/2023\/02\/agende-sessao-psicanalise.jpg","contentUrl":"https:\/\/danivitoretti.com\/psicanalise\/wp-content\/uploads\/2023\/02\/agende-sessao-psicanalise.jpg","width":1200,"height":630,"caption":"Agende Sess\u00e3o Psicanalise"},{"@type":"BreadcrumbList","@id":"https:\/\/danivitoretti.com\/psicanalise\/agende-sua-sessao-de-psicanalise\/#breadcrumb","itemListElement":[{"@type":"ListItem","position":1,"name":"In\u00edcio","item":"https:\/\/danivitoretti.com\/psicanalise\/"},{"@type":"ListItem","position":2,"name":"Agende sua Sess\u00e3o de Psican\u00e1lise"}]},{"@type":"WebSite","@id":"https:\/\/danivitoretti.com\/psicanalise\/#website","url":"https:\/\/danivitoretti.com\/psicanalise\/","name":"Psican\u00e1lise","description":"Psicologia Cl\u00ednica - Daniela Vitoretti CRP 05\/27107","publisher":{"@id":"https:\/\/danivitoretti.com\/psicanalise\/#\/schema\/person\/87c74e41242a0e33c964870080c20dcd"},"potentialAction":[{"@type":"SearchAction","target":{"@type":"EntryPoint","urlTemplate":"https:\/\/danivitoretti.com\/psicanalise\/?s={search_term_string}"},"query-input":{"@type":"PropertyValueSpecification","valueRequired":true,"valueName":"search_term_string"}}],"inLanguage":"pt-BR"},{"@type":["Person","Organization"],"@id":"https:\/\/danivitoretti.com\/psicanalise\/#\/schema\/person\/87c74e41242a0e33c964870080c20dcd","name":"Dani","image":{"@type":"ImageObject","inLanguage":"pt-BR","@id":"http:\/\/danivitoretti.com\/psicanalise\/wp-content\/uploads\/2023\/03\/vitoretti-dani-psicologa.jpg","url":"http:\/\/danivitoretti.com\/psicanalise\/wp-content\/uploads\/2023\/03\/vitoretti-dani-psicologa.jpg","contentUrl":"http:\/\/danivitoretti.com\/psicanalise\/wp-content\/uploads\/2023\/03\/vitoretti-dani-psicologa.jpg","width":520,"height":520,"caption":"Dani"},"logo":{"@id":"http:\/\/danivitoretti.com\/psicanalise\/wp-content\/uploads\/2023\/03\/vitoretti-dani-psicologa.jpg"},"sameAs":["https:\/\/teal-goldfish-436582.hostingersite.com\/psicanalise"],"url":"https:\/\/danivitoretti.com\/psicanalise\/author\/dani\/"}]}},"_links":{"self":[{"href":"https:\/\/danivitoretti.com\/psicanalise\/wp-json\/wp\/v2\/posts\/973","targetHints":{"allow":["GET"]}}],"collection":[{"href":"https:\/\/danivitoretti.com\/psicanalise\/wp-json\/wp\/v2\/posts"}],"about":[{"href":"https:\/\/danivitoretti.com\/psicanalise\/wp-json\/wp\/v2\/types\/post"}],"author":[{"embeddable":true,"href":"https:\/\/danivitoretti.com\/psicanalise\/wp-json\/wp\/v2\/users\/1"}],"replies":[{"embeddable":true,"href":"https:\/\/danivitoretti.com\/psicanalise\/wp-json\/wp\/v2\/comments?post=973"}],"version-history":[{"count":0,"href":"https:\/\/danivitoretti.com\/psicanalise\/wp-json\/wp\/v2\/posts\/973\/revisions"}],"wp:featuredmedia":[{"embeddable":true,"href":"https:\/\/danivitoretti.com\/psicanalise\/wp-json\/wp\/v2\/media\/1351"}],"wp:attachment":[{"href":"https:\/\/danivitoretti.com\/psicanalise\/wp-json\/wp\/v2\/media?parent=973"}],"wp:term":[{"taxonomy":"category","embeddable":true,"href":"https:\/\/danivitoretti.com\/psicanalise\/wp-json\/wp\/v2\/categories?post=973"},{"taxonomy":"post_tag","embeddable":true,"href":"https:\/\/danivitoretti.com\/psicanalise\/wp-json\/wp\/v2\/tags?post=973"}],"curies":[{"name":"wp","href":"https:\/\/api.w.org\/{rel}","templated":true}]}}